{"id":1767,"date":"2021-04-22T14:15:38","date_gmt":"2021-04-22T14:15:38","guid":{"rendered":"https:\/\/www.villa-doel.com\/?p=1767"},"modified":"2021-04-23T10:31:04","modified_gmt":"2021-04-23T10:31:04","slug":"sonderangebot","status":"publish","type":"post","link":"https:\/\/www.villa-doel.com\/de\/sonderangebot\/","title":{"rendered":"SONDERANGEBOT"},"content":{"rendered":"<p>F\u00fcr den Zeitraum 01.01.-15.05. und 15.10.-31.12 bieten wir die M\u00f6glichkeit von Langzeitaufenthalten (mehr als zwei Wochen) in den Apartments der Villa D.O.E.L. F\u00fcr alle, die eine Unterkunft in Zadar ben\u00f6tigen (Arbeit, Studium, Seminare, Seekurse, Yachtkurse usw.), sowie f\u00fcr alle, die remote arbeiten k\u00f6nnen (online arbeiten, digitale Nomaden, freiberuflich arbeiten). Preis auf Anfrage.<\/p>\n","protected":false},"excerpt":{"rendered":"<p>F\u00fcr den Zeitraum 01.01.-15.05. und 15.10.-31.12 bieten wir die M\u00f6glichkeit von Langzeitaufenthalten (mehr als zwei Wochen) in den Apartments der Villa D.O.E.L. F\u00fcr alle, die eine Unterkunft in Zadar ben\u00f6tigen (Arbeit, Studium, Seminare, Seekurse, Yachtkurse usw.), sowie f\u00fcr alle, die remote arbeiten k\u00f6nnen (online arbeiten, digitale Nomaden, freiberuflich arbeiten). Preis auf Anfrage.<\/p>\n","protected":false},"author":2,"featured_media":1815,"comment_status":"open","ping_status":"open","sticky":false,"template":"","format":"standard","meta":{"footnotes":""},"categories":[28],"tags":[],"class_list":["post-1767","post","type-post","status-publish","format-standard","has-post-thumbnail","hentry","category-information"],"_links":{"self":[{"href":"https:\/\/www.villa-doel.com\/de\/wp-json\/wp\/v2\/posts\/1767","targetHints":{"allow":["GET"]}}],"collection":[{"href":"https:\/\/www.villa-doel.com\/de\/wp-json\/wp\/v2\/posts"}],"about":[{"href":"https:\/\/www.villa-doel.com\/de\/wp-json\/wp\/v2\/types\/post"}],"author":[{"embeddable":true,"href":"https:\/\/www.villa-doel.com\/de\/wp-json\/wp\/v2\/users\/2"}],"replies":[{"embeddable":true,"href":"https:\/\/www.villa-doel.com\/de\/wp-json\/wp\/v2\/comments?post=1767"}],"version-history":[{"count":2,"href":"https:\/\/www.villa-doel.com\/de\/wp-json\/wp\/v2\/posts\/1767\/revisions"}],"predecessor-version":[{"id":1818,"href":"https:\/\/www.villa-doel.com\/de\/wp-json\/wp\/v2\/posts\/1767\/revisions\/1818"}],"wp:featuredmedia":[{"embeddable":true,"href":"https:\/\/www.villa-doel.com\/de\/wp-json\/wp\/v2\/media\/1815"}],"wp:attachment":[{"href":"https:\/\/www.villa-doel.com\/de\/wp-json\/wp\/v2\/media?parent=1767"}],"wp:term":[{"taxonomy":"category","embeddable":true,"href":"https:\/\/www.villa-doel.com\/de\/wp-json\/wp\/v2\/categories?post=1767"},{"taxonomy":"post_tag","embeddable":true,"href":"https:\/\/www.villa-doel.com\/de\/wp-json\/wp\/v2\/tags?post=1767"}],"curies":[{"name":"wp","href":"https:\/\/api.w.org\/{rel}","templated":true}]}}